{"id":10931,"date":"2019-08-22T12:53:42","date_gmt":"2019-08-22T16:53:42","guid":{"rendered":"https:\/\/montrealburlesquefestival.com\/?p=10931"},"modified":"2019-08-22T12:53:42","modified_gmt":"2019-08-22T16:53:42","slug":"rideau","status":"publish","type":"post","link":"https:\/\/montrealburlesquefestival.com\/fr\/rideau\/","title":{"rendered":"Derri\u00e8re le rideau"},"content":{"rendered":"<p>Qu\u2019est ce ressent un artiste avant d\u2019entrer sur sc\u00e8ne ?<\/p>\n<p><a href=\"https:\/\/montrealburlesquefestival.com\/wp-content\/uploads\/2019\/08\/2017-10-19-21.24.56.jpg\"><img fetchpriority=\"high\" decoding=\"async\" class=\"aligncenter size-featured_large wp-image-10948\" src=\"https:\/\/montrealburlesquefestival.com\/wp-content\/uploads\/2019\/08\/2017-10-19-21.24.56-1500x630.jpg\" alt=\"\" width=\"1500\" height=\"630\" \/><\/a><\/p>\n<p>Pour qui sont ses derni\u00e8res pens\u00e9es quelques minutes avant le d\u00e9but du show ? Pour lui ? Pour le public ? Pour quelque chose d\u2019autre ? Selon les personnes les sentiments sont diff\u00e9rents, certains sont tr\u00e8s stress\u00e9s. Pour d\u2019autres, c\u2019est l\u2019excitation qui prend le dessus. Le spectacle doit bien se d\u00e9rouler, il doit plaire au public. Les spectateurs doivent \u00eatre r\u00e9ceptifs, il doit y avoir un \u00e9change entre eux et l\u2019artiste, c\u2019est l\u2019essence m\u00eame d\u2019un show burlesque : les invit\u00e9s font partie du show, ils ne viennent pas que pour assister passivement. Certains artistes se focalisent sur leur chor\u00e9graphie : il ne faut pas oublier les pas, les mouvements doivent \u00eatre fluides, continus, para\u00eetre naturels aux yeux des spectateurs.<\/p>\n<p><a href=\"https:\/\/montrealburlesquefestival.com\/wp-content\/uploads\/2019\/08\/Stratton_McCrady_201501050351-X2-1.jpg\"><img decoding=\"async\" class=\"aligncenter size-featured_large wp-image-10964\" src=\"https:\/\/montrealburlesquefestival.com\/wp-content\/uploads\/2019\/08\/Stratton_McCrady_201501050351-X2-1-1280x630.jpg\" alt=\"\" width=\"1280\" height=\"630\" \/><\/a><\/p>\n<p>C\u2019est \u00e0 travers ses mouvements que l\u2019artiste transmet les sentiments de son personnage et c\u2019est gr\u00e2ce aux sentiments que le public s\u2019impr\u00e8gne de l\u2019histoire. Chaque artiste d\u00e9sire marquer ses spectateurs, il souhaite les faire r\u00e9agir. D\u2019autres personnes accordent une attention particuli\u00e8re \u00e0 leurs accessoires : la chaise doit \u00eatre plac\u00e9e au centre, les \u00e9ventails doivent \u00eatre \u00e0 proximit\u00e9 de la sc\u00e8ne mais sans \u00eatre visibles depuis le public sinon il y a pas d\u2019effet de surprise, \u00e9videmment ! Quelqu\u2019un doit s\u2019occuper d\u2019apporter le peignoir ou la boite \u00e0 gants \u00e0 l\u2019artiste au bon moment. En effet, les accessoires sont importants, ils font partie int\u00e9grante du spectacle.<\/p>\n<p><a href=\"https:\/\/montrealburlesquefestival.com\/wp-content\/uploads\/2019\/08\/Stratton_McCrady_201501050034-X2.jpg\"><img decoding=\"async\" class=\"aligncenter size-featured_large wp-image-10960\" src=\"https:\/\/montrealburlesquefestival.com\/wp-content\/uploads\/2019\/08\/Stratton_McCrady_201501050034-X2-1280x630.jpg\" alt=\"\" width=\"1280\" height=\"630\" \/><\/a><\/p>\n<p>Chaque artiste a ses propres pr\u00e9occupations avant d\u2019entrer sur sc\u00e8ne, tu pourras le constater a travers ces quelques ressentis d\u2019artistes :<\/p>\n<p>\u00ab <strong>T\u2019as toujours le stress, mais c\u2019est un bon stress parce qu\u2019une fois sur sc\u00e8ne c\u2019est ce qui va faire que tu vas vraiment vivre le moment<\/strong> \u00bb<br \/>\nFoxy Lexxi, artiste burlesque.<\/p>\n<p>\u00ab <strong>Quand j\u2019ai commenc\u00e9 il y a des ann\u00e9es j\u2019\u00e9tais tr\u00e8s stress\u00e9e et excit\u00e9e en m\u00eame temps, [\u2026], apr\u00e8s plusieurs shows j\u2019ai r\u00e9alis\u00e9 que je me stressais trop pour rien, aujourd\u2019hui je suis rendue tr\u00e8s zen avant de sortir sur sc\u00e8ne<\/strong> \u00bb<br \/>\nLily Lynx, danseuse de pole dance et artiste burlesque.<\/p>\n<p>\u00ab <strong>C\u2019est un de mes moments pr\u00e9f\u00e9r\u00e9s de la soir\u00e9e, m\u2019asseoir, me pr\u00e9parer, revoir mes coll\u00e8gues, manger avec eux et plaisanter avec eux<\/strong> \u00bb<br \/>\nAudrey Ivori, artiste burlesque.<\/p>\n\n\t\t\t<style type='text\/css'>\n\t\t\t\t#gallery-1 {\n\t\t\t\t\tmargin: auto;\n\t\t\t\t}\n\t\t\t\t#gallery-1 .gallery-item {\n\t\t\t\t\tfloat: left;\n\t\t\t\t\tmargin-top: 10px;\n\t\t\t\t\ttext-align: center;\n\t\t\t\t\twidth: 20%;\n\t\t\t\t}\n\t\t\t\t#gallery-1 img {\n\t\t\t\t\tborder: 2px solid #cfcfcf;\n\t\t\t\t}\n\t\t\t\t#gallery-1 .gallery-caption {\n\t\t\t\t\tmargin-left: 0;\n\t\t\t\t}\n\t\t\t\t\/* see gallery_shortcode() in wp-includes\/media.php *\/\n\t\t\t<\/style>\n\t\t<div id='gallery-1' class='dt-gallery-container gallery galleryid-10931 gallery-columns-5 gallery-size-medium'><dl class='gallery-item'>\n\t\t\t\t<dt class='gallery-icon landscape'>\n\t\t\t\t\t<a class=\"rollover rollover-zoom dt-pswp-item\" title=\"2017-10-19 15.29.48\" data-dt-img-description=\"\" data-large_image_width=\"2560\" data-large_image_height=\"1440\"href='https:\/\/montrealburlesquefestival.com\/wp-content\/uploads\/2019\/08\/2017-10-19-15.29.48-1-scaled.jpg'><img loading=\"lazy\" decoding=\"async\" width=\"300\" height=\"169\" src=\"https:\/\/montrealburlesquefestival.com\/wp-content\/uploads\/2019\/08\/2017-10-19-15.29.48-1-300x169.jpg\" class=\"attachment-medium size-medium\" alt=\"\" srcset=\"https:\/\/montrealburlesquefestival.com\/wp-content\/uploads\/2019\/08\/2017-10-19-15.29.48-1-300x169.jpg 300w, https:\/\/montrealburlesquefestival.com\/wp-content\/uploads\/2019\/08\/2017-10-19-15.29.48-1-1000x563.jpg 1000w, https:\/\/montrealburlesquefestival.com\/wp-content\/uploads\/2019\/08\/2017-10-19-15.29.48-1-768x432.jpg 768w, https:\/\/montrealburlesquefestival.com\/wp-content\/uploads\/2019\/08\/2017-10-19-15.29.48-1-1030x579.jpg 1030w, https:\/\/montrealburlesquefestival.com\/wp-content\/uploads\/2019\/08\/2017-10-19-15.29.48-1-200x113.jpg 200w, https:\/\/montrealburlesquefestival.com\/wp-content\/uploads\/2019\/08\/2017-10-19-15.29.48-1-1500x844.jpg 1500w, https:\/\/montrealburlesquefestival.com\/wp-content\/uploads\/2019\/08\/2017-10-19-15.29.48-1-705x397.jpg 705w, https:\/\/montrealburlesquefestival.com\/wp-content\/uploads\/2019\/08\/2017-10-19-15.29.48-1-450x253.jpg 450w\" sizes=\"(max-width: 300px) 100vw, 300px\" \/><\/a>\n\t\t\t\t<\/dt><\/dl><dl class='gallery-item'>\n\t\t\t\t<dt class='gallery-icon portrait'>\n\t\t\t\t\t<a class=\"rollover rollover-zoom dt-pswp-item\" title=\"Stratton_McCrady_201501050382-X2\" data-dt-img-description=\"\" data-large_image_width=\"641\" data-large_image_height=\"960\"href='https:\/\/montrealburlesquefestival.com\/wp-content\/uploads\/2019\/08\/Stratton_McCrady_201501050382-X2.jpg'><img loading=\"lazy\" decoding=\"async\" width=\"200\" height=\"300\" src=\"https:\/\/montrealburlesquefestival.com\/wp-content\/uploads\/2019\/08\/Stratton_McCrady_201501050382-X2-200x300.jpg\" class=\"attachment-medium size-medium\" alt=\"\" srcset=\"https:\/\/montrealburlesquefestival.com\/wp-content\/uploads\/2019\/08\/Stratton_McCrady_201501050382-X2-200x300.jpg 200w, https:\/\/montrealburlesquefestival.com\/wp-content\/uploads\/2019\/08\/Stratton_McCrady_201501050382-X2-134x200.jpg 134w, https:\/\/montrealburlesquefestival.com\/wp-content\/uploads\/2019\/08\/Stratton_McCrady_201501050382-X2-471x705.jpg 471w, https:\/\/montrealburlesquefestival.com\/wp-content\/uploads\/2019\/08\/Stratton_McCrady_201501050382-X2-450x674.jpg 450w, https:\/\/montrealburlesquefestival.com\/wp-content\/uploads\/2019\/08\/Stratton_McCrady_201501050382-X2.jpg 641w\" sizes=\"(max-width: 200px) 100vw, 200px\" \/><\/a>\n\t\t\t\t<\/dt><\/dl><dl class='gallery-item'>\n\t\t\t\t<dt class='gallery-icon landscape'>\n\t\t\t\t\t<a class=\"rollover rollover-zoom dt-pswp-item\" title=\"Stratton_McCrady_201501050343-X2\" data-dt-img-description=\"\" data-large_image_width=\"1280\" data-large_image_height=\"854\"href='https:\/\/montrealburlesquefestival.com\/wp-content\/uploads\/2019\/08\/Stratton_McCrady_201501050343-X2.jpg'><img loading=\"lazy\" decoding=\"async\" width=\"300\" height=\"200\" src=\"https:\/\/montrealburlesquefestival.com\/wp-content\/uploads\/2019\/08\/Stratton_McCrady_201501050343-X2-300x200.jpg\" class=\"attachment-medium size-medium\" alt=\"\" srcset=\"https:\/\/montrealburlesquefestival.com\/wp-content\/uploads\/2019\/08\/Stratton_McCrady_201501050343-X2-300x200.jpg 300w, https:\/\/montrealburlesquefestival.com\/wp-content\/uploads\/2019\/08\/Stratton_McCrady_201501050343-X2-1000x667.jpg 1000w, https:\/\/montrealburlesquefestival.com\/wp-content\/uploads\/2019\/08\/Stratton_McCrady_201501050343-X2-768x512.jpg 768w, https:\/\/montrealburlesquefestival.com\/wp-content\/uploads\/2019\/08\/Stratton_McCrady_201501050343-X2-1030x687.jpg 1030w, https:\/\/montrealburlesquefestival.com\/wp-content\/uploads\/2019\/08\/Stratton_McCrady_201501050343-X2-200x133.jpg 200w, https:\/\/montrealburlesquefestival.com\/wp-content\/uploads\/2019\/08\/Stratton_McCrady_201501050343-X2-705x470.jpg 705w, https:\/\/montrealburlesquefestival.com\/wp-content\/uploads\/2019\/08\/Stratton_McCrady_201501050343-X2-450x300.jpg 450w, https:\/\/montrealburlesquefestival.com\/wp-content\/uploads\/2019\/08\/Stratton_McCrady_201501050343-X2.jpg 1280w\" sizes=\"(max-width: 300px) 100vw, 300px\" \/><\/a>\n\t\t\t\t<\/dt><\/dl><dl class='gallery-item'>\n\t\t\t\t<dt class='gallery-icon landscape'>\n\t\t\t\t\t<a class=\"rollover rollover-zoom dt-pswp-item\" title=\"Stratton_McCrady_201501040123-X3\" data-dt-img-description=\"\" data-large_image_width=\"1600\" data-large_image_height=\"1068\"href='https:\/\/montrealburlesquefestival.com\/wp-content\/uploads\/2019\/08\/Stratton_McCrady_201501040123-X3.jpg'><img loading=\"lazy\" decoding=\"async\" width=\"300\" height=\"200\" src=\"https:\/\/montrealburlesquefestival.com\/wp-content\/uploads\/2019\/08\/Stratton_McCrady_201501040123-X3-300x200.jpg\" class=\"attachment-medium size-medium\" alt=\"\" srcset=\"https:\/\/montrealburlesquefestival.com\/wp-content\/uploads\/2019\/08\/Stratton_McCrady_201501040123-X3-300x200.jpg 300w, https:\/\/montrealburlesquefestival.com\/wp-content\/uploads\/2019\/08\/Stratton_McCrady_201501040123-X3-1000x668.jpg 1000w, https:\/\/montrealburlesquefestival.com\/wp-content\/uploads\/2019\/08\/Stratton_McCrady_201501040123-X3-768x513.jpg 768w, https:\/\/montrealburlesquefestival.com\/wp-content\/uploads\/2019\/08\/Stratton_McCrady_201501040123-X3-1030x688.jpg 1030w, https:\/\/montrealburlesquefestival.com\/wp-content\/uploads\/2019\/08\/Stratton_McCrady_201501040123-X3-200x134.jpg 200w, https:\/\/montrealburlesquefestival.com\/wp-content\/uploads\/2019\/08\/Stratton_McCrady_201501040123-X3-1500x1001.jpg 1500w, https:\/\/montrealburlesquefestival.com\/wp-content\/uploads\/2019\/08\/Stratton_McCrady_201501040123-X3-705x471.jpg 705w, https:\/\/montrealburlesquefestival.com\/wp-content\/uploads\/2019\/08\/Stratton_McCrady_201501040123-X3-450x300.jpg 450w, https:\/\/montrealburlesquefestival.com\/wp-content\/uploads\/2019\/08\/Stratton_McCrady_201501040123-X3.jpg 1600w\" sizes=\"(max-width: 300px) 100vw, 300px\" \/><\/a>\n\t\t\t\t<\/dt><\/dl><dl class='gallery-item'>\n\t\t\t\t<dt class='gallery-icon landscape'>\n\t\t\t\t\t<a class=\"rollover rollover-zoom dt-pswp-item\" title=\"Stratton_McCrady_201501030171-X3\" data-dt-img-description=\"\" data-large_image_width=\"1600\" data-large_image_height=\"1068\"href='https:\/\/montrealburlesquefestival.com\/wp-content\/uploads\/2019\/08\/Stratton_McCrady_201501030171-X3.jpg'><img loading=\"lazy\" decoding=\"async\" width=\"300\" height=\"200\" src=\"https:\/\/montrealburlesquefestival.com\/wp-content\/uploads\/2019\/08\/Stratton_McCrady_201501030171-X3-300x200.jpg\" class=\"attachment-medium size-medium\" alt=\"\" srcset=\"https:\/\/montrealburlesquefestival.com\/wp-content\/uploads\/2019\/08\/Stratton_McCrady_201501030171-X3-300x200.jpg 300w, https:\/\/montrealburlesquefestival.com\/wp-content\/uploads\/2019\/08\/Stratton_McCrady_201501030171-X3-1000x668.jpg 1000w, https:\/\/montrealburlesquefestival.com\/wp-content\/uploads\/2019\/08\/Stratton_McCrady_201501030171-X3-768x513.jpg 768w, https:\/\/montrealburlesquefestival.com\/wp-content\/uploads\/2019\/08\/Stratton_McCrady_201501030171-X3-1030x688.jpg 1030w, https:\/\/montrealburlesquefestival.com\/wp-content\/uploads\/2019\/08\/Stratton_McCrady_201501030171-X3-200x134.jpg 200w, https:\/\/montrealburlesquefestival.com\/wp-content\/uploads\/2019\/08\/Stratton_McCrady_201501030171-X3-1500x1001.jpg 1500w, https:\/\/montrealburlesquefestival.com\/wp-content\/uploads\/2019\/08\/Stratton_McCrady_201501030171-X3-705x471.jpg 705w, https:\/\/montrealburlesquefestival.com\/wp-content\/uploads\/2019\/08\/Stratton_McCrady_201501030171-X3-450x300.jpg 450w, https:\/\/montrealburlesquefestival.com\/wp-content\/uploads\/2019\/08\/Stratton_McCrady_201501030171-X3.jpg 1600w\" sizes=\"(max-width: 300px) 100vw, 300px\" \/><\/a>\n\t\t\t\t<\/dt><\/dl><br style=\"clear: both\" \/><dl class='gallery-item'>\n\t\t\t\t<dt class='gallery-icon portrait'>\n\t\t\t\t\t<a class=\"rollover rollover-zoom dt-pswp-item\" title=\"Stratton_McCrady_201501030123-X3\" data-dt-img-description=\"\" data-large_image_width=\"801\" data-large_image_height=\"1200\"href='https:\/\/montrealburlesquefestival.com\/wp-content\/uploads\/2019\/08\/Stratton_McCrady_201501030123-X3.jpg'><img loading=\"lazy\" decoding=\"async\" width=\"200\" height=\"300\" src=\"https:\/\/montrealburlesquefestival.com\/wp-content\/uploads\/2019\/08\/Stratton_McCrady_201501030123-X3-200x300.jpg\" class=\"attachment-medium size-medium\" alt=\"\" srcset=\"https:\/\/montrealburlesquefestival.com\/wp-content\/uploads\/2019\/08\/Stratton_McCrady_201501030123-X3-200x300.jpg 200w, https:\/\/montrealburlesquefestival.com\/wp-content\/uploads\/2019\/08\/Stratton_McCrady_201501030123-X3-768x1151.jpg 768w, https:\/\/montrealburlesquefestival.com\/wp-content\/uploads\/2019\/08\/Stratton_McCrady_201501030123-X3-688x1030.jpg 688w, https:\/\/montrealburlesquefestival.com\/wp-content\/uploads\/2019\/08\/Stratton_McCrady_201501030123-X3-134x200.jpg 134w, https:\/\/montrealburlesquefestival.com\/wp-content\/uploads\/2019\/08\/Stratton_McCrady_201501030123-X3-471x705.jpg 471w, https:\/\/montrealburlesquefestival.com\/wp-content\/uploads\/2019\/08\/Stratton_McCrady_201501030123-X3-450x674.jpg 450w, https:\/\/montrealburlesquefestival.com\/wp-content\/uploads\/2019\/08\/Stratton_McCrady_201501030123-X3.jpg 801w\" sizes=\"(max-width: 200px) 100vw, 200px\" \/><\/a>\n\t\t\t\t<\/dt><\/dl><dl class='gallery-item'>\n\t\t\t\t<dt class='gallery-icon portrait'>\n\t\t\t\t\t<a class=\"rollover rollover-zoom dt-pswp-item\" title=\"Stratton_McCrady_201501030027-X3\" data-dt-img-description=\"\" data-large_image_width=\"801\" data-large_image_height=\"1200\"href='https:\/\/montrealburlesquefestival.com\/wp-content\/uploads\/2019\/08\/Stratton_McCrady_201501030027-X3.jpg'><img loading=\"lazy\" decoding=\"async\" width=\"200\" height=\"300\" src=\"https:\/\/montrealburlesquefestival.com\/wp-content\/uploads\/2019\/08\/Stratton_McCrady_201501030027-X3-200x300.jpg\" class=\"attachment-medium size-medium\" alt=\"\" srcset=\"https:\/\/montrealburlesquefestival.com\/wp-content\/uploads\/2019\/08\/Stratton_McCrady_201501030027-X3-200x300.jpg 200w, https:\/\/montrealburlesquefestival.com\/wp-content\/uploads\/2019\/08\/Stratton_McCrady_201501030027-X3-768x1151.jpg 768w, https:\/\/montrealburlesquefestival.com\/wp-content\/uploads\/2019\/08\/Stratton_McCrady_201501030027-X3-688x1030.jpg 688w, https:\/\/montrealburlesquefestival.com\/wp-content\/uploads\/2019\/08\/Stratton_McCrady_201501030027-X3-134x200.jpg 134w, https:\/\/montrealburlesquefestival.com\/wp-content\/uploads\/2019\/08\/Stratton_McCrady_201501030027-X3-471x705.jpg 471w, https:\/\/montrealburlesquefestival.com\/wp-content\/uploads\/2019\/08\/Stratton_McCrady_201501030027-X3-450x674.jpg 450w, https:\/\/montrealburlesquefestival.com\/wp-content\/uploads\/2019\/08\/Stratton_McCrady_201501030027-X3.jpg 801w\" sizes=\"(max-width: 200px) 100vw, 200px\" \/><\/a>\n\t\t\t\t<\/dt><\/dl><dl class='gallery-item'>\n\t\t\t\t<dt class='gallery-icon portrait'>\n\t\t\t\t\t<a class=\"rollover rollover-zoom dt-pswp-item\" title=\"2017-10-20 19.36.15\" data-dt-img-description=\"\" data-large_image_width=\"1440\" data-large_image_height=\"2560\"href='https:\/\/montrealburlesquefestival.com\/wp-content\/uploads\/2019\/08\/2017-10-20-19.36.15-e1566492671435.jpg'><img loading=\"lazy\" decoding=\"async\" width=\"169\" height=\"300\" src=\"https:\/\/montrealburlesquefestival.com\/wp-content\/uploads\/2019\/08\/2017-10-20-19.36.15-e1566492671435-169x300.jpg\" class=\"attachment-medium size-medium\" alt=\"\" srcset=\"https:\/\/montrealburlesquefestival.com\/wp-content\/uploads\/2019\/08\/2017-10-20-19.36.15-e1566492671435-169x300.jpg 169w, https:\/\/montrealburlesquefestival.com\/wp-content\/uploads\/2019\/08\/2017-10-20-19.36.15-e1566492671435-1000x1778.jpg 1000w, https:\/\/montrealburlesquefestival.com\/wp-content\/uploads\/2019\/08\/2017-10-20-19.36.15-e1566492671435-768x1365.jpg 768w, https:\/\/montrealburlesquefestival.com\/wp-content\/uploads\/2019\/08\/2017-10-20-19.36.15-e1566492671435-579x1030.jpg 579w, https:\/\/montrealburlesquefestival.com\/wp-content\/uploads\/2019\/08\/2017-10-20-19.36.15-e1566492671435-113x200.jpg 113w, https:\/\/montrealburlesquefestival.com\/wp-content\/uploads\/2019\/08\/2017-10-20-19.36.15-e1566492671435-844x1500.jpg 844w, https:\/\/montrealburlesquefestival.com\/wp-content\/uploads\/2019\/08\/2017-10-20-19.36.15-e1566492671435-397x705.jpg 397w, https:\/\/montrealburlesquefestival.com\/wp-content\/uploads\/2019\/08\/2017-10-20-19.36.15-e1566492671435-450x800.jpg 450w, https:\/\/montrealburlesquefestival.com\/wp-content\/uploads\/2019\/08\/2017-10-20-19.36.15-e1566492671435.jpg 1440w\" sizes=\"(max-width: 169px) 100vw, 169px\" \/><\/a>\n\t\t\t\t<\/dt><\/dl><dl class='gallery-item'>\n\t\t\t\t<dt class='gallery-icon landscape'>\n\t\t\t\t\t<a class=\"rollover rollover-zoom dt-pswp-item\" title=\"2017-10-19 21.24.19\" data-dt-img-description=\"\" data-large_image_width=\"2560\" data-large_image_height=\"1440\"href='https:\/\/montrealburlesquefestival.com\/wp-content\/uploads\/2019\/08\/2017-10-19-21.24.19-scaled.jpg'><img loading=\"lazy\" decoding=\"async\" width=\"300\" height=\"169\" src=\"https:\/\/montrealburlesquefestival.com\/wp-content\/uploads\/2019\/08\/2017-10-19-21.24.19-300x169.jpg\" class=\"attachment-medium size-medium\" alt=\"\" srcset=\"https:\/\/montrealburlesquefestival.com\/wp-content\/uploads\/2019\/08\/2017-10-19-21.24.19-300x169.jpg 300w, https:\/\/montrealburlesquefestival.com\/wp-content\/uploads\/2019\/08\/2017-10-19-21.24.19-1000x563.jpg 1000w, https:\/\/montrealburlesquefestival.com\/wp-content\/uploads\/2019\/08\/2017-10-19-21.24.19-768x432.jpg 768w, https:\/\/montrealburlesquefestival.com\/wp-content\/uploads\/2019\/08\/2017-10-19-21.24.19-1030x579.jpg 1030w, https:\/\/montrealburlesquefestival.com\/wp-content\/uploads\/2019\/08\/2017-10-19-21.24.19-200x113.jpg 200w, https:\/\/montrealburlesquefestival.com\/wp-content\/uploads\/2019\/08\/2017-10-19-21.24.19-1500x844.jpg 1500w, https:\/\/montrealburlesquefestival.com\/wp-content\/uploads\/2019\/08\/2017-10-19-21.24.19-705x397.jpg 705w, https:\/\/montrealburlesquefestival.com\/wp-content\/uploads\/2019\/08\/2017-10-19-21.24.19-450x253.jpg 450w\" sizes=\"(max-width: 300px) 100vw, 300px\" \/><\/a>\n\t\t\t\t<\/dt><\/dl><dl class='gallery-item'>\n\t\t\t\t<dt class='gallery-icon landscape'>\n\t\t\t\t\t<a class=\"rollover rollover-zoom dt-pswp-item\" title=\"2017-10-19 19.51.09\" data-dt-img-description=\"\" data-large_image_width=\"2560\" data-large_image_height=\"1440\"href='https:\/\/montrealburlesquefestival.com\/wp-content\/uploads\/2019\/08\/2017-10-19-19.51.09-1-scaled.jpg'><img loading=\"lazy\" decoding=\"async\" width=\"300\" height=\"169\" src=\"https:\/\/montrealburlesquefestival.com\/wp-content\/uploads\/2019\/08\/2017-10-19-19.51.09-1-300x169.jpg\" class=\"attachment-medium size-medium\" alt=\"\" srcset=\"https:\/\/montrealburlesquefestival.com\/wp-content\/uploads\/2019\/08\/2017-10-19-19.51.09-1-300x169.jpg 300w, https:\/\/montrealburlesquefestival.com\/wp-content\/uploads\/2019\/08\/2017-10-19-19.51.09-1-1000x563.jpg 1000w, https:\/\/montrealburlesquefestival.com\/wp-content\/uploads\/2019\/08\/2017-10-19-19.51.09-1-768x432.jpg 768w, https:\/\/montrealburlesquefestival.com\/wp-content\/uploads\/2019\/08\/2017-10-19-19.51.09-1-1030x579.jpg 1030w, https:\/\/montrealburlesquefestival.com\/wp-content\/uploads\/2019\/08\/2017-10-19-19.51.09-1-200x113.jpg 200w, https:\/\/montrealburlesquefestival.com\/wp-content\/uploads\/2019\/08\/2017-10-19-19.51.09-1-1500x844.jpg 1500w, https:\/\/montrealburlesquefestival.com\/wp-content\/uploads\/2019\/08\/2017-10-19-19.51.09-1-705x397.jpg 705w, https:\/\/montrealburlesquefestival.com\/wp-content\/uploads\/2019\/08\/2017-10-19-19.51.09-1-450x253.jpg 450w\" sizes=\"(max-width: 300px) 100vw, 300px\" \/><\/a>\n\t\t\t\t<\/dt><\/dl><br style=\"clear: both\" \/><dl class='gallery-item'>\n\t\t\t\t<dt class='gallery-icon landscape'>\n\t\t\t\t\t<a class=\"rollover rollover-zoom dt-pswp-item\" title=\"2017-10-19 19.49.43\" data-dt-img-description=\"\" data-large_image_width=\"2560\" data-large_image_height=\"1440\"href='https:\/\/montrealburlesquefestival.com\/wp-content\/uploads\/2019\/08\/2017-10-19-19.49.43-1-scaled.jpg'><img loading=\"lazy\" decoding=\"async\" width=\"300\" height=\"169\" src=\"https:\/\/montrealburlesquefestival.com\/wp-content\/uploads\/2019\/08\/2017-10-19-19.49.43-1-300x169.jpg\" class=\"attachment-medium size-medium\" alt=\"\" srcset=\"https:\/\/montrealburlesquefestival.com\/wp-content\/uploads\/2019\/08\/2017-10-19-19.49.43-1-300x169.jpg 300w, https:\/\/montrealburlesquefestival.com\/wp-content\/uploads\/2019\/08\/2017-10-19-19.49.43-1-1000x563.jpg 1000w, https:\/\/montrealburlesquefestival.com\/wp-content\/uploads\/2019\/08\/2017-10-19-19.49.43-1-768x432.jpg 768w, https:\/\/montrealburlesquefestival.com\/wp-content\/uploads\/2019\/08\/2017-10-19-19.49.43-1-1030x579.jpg 1030w, https:\/\/montrealburlesquefestival.com\/wp-content\/uploads\/2019\/08\/2017-10-19-19.49.43-1-200x113.jpg 200w, https:\/\/montrealburlesquefestival.com\/wp-content\/uploads\/2019\/08\/2017-10-19-19.49.43-1-1500x844.jpg 1500w, https:\/\/montrealburlesquefestival.com\/wp-content\/uploads\/2019\/08\/2017-10-19-19.49.43-1-705x397.jpg 705w, https:\/\/montrealburlesquefestival.com\/wp-content\/uploads\/2019\/08\/2017-10-19-19.49.43-1-450x253.jpg 450w\" sizes=\"(max-width: 300px) 100vw, 300px\" \/><\/a>\n\t\t\t\t<\/dt><\/dl>\n\t\t\t\t<br style='clear: both' \/>\n\t\t\t<\/div>\n\n","protected":false},"excerpt":{"rendered":"<p>Qu\u2019est ce ressent un artiste avant d\u2019entrer sur sc\u00e8ne ? Pour qui sont ses derni\u00e8res pens\u00e9es quelques minutes avant le d\u00e9but du show ? Pour lui ? Pour le public ? Pour quelque chose d\u2019autre ? Selon les personnes les sentiments sont diff\u00e9rents, certains sont tr\u00e8s stress\u00e9s. Pour d\u2019autres, c\u2019est l\u2019excitation qui prend le dessus.&hellip;<\/p>\n","protected":false},"author":1,"featured_media":10934,"comment_status":"closed","ping_status":"closed","sticky":false,"template":"","format":"standard","meta":{"footnotes":""},"categories":[14,11],"tags":[],"class_list":["post-10931","post","type-post","status-publish","format-standard","has-post-thumbnail","hentry","category-blog-posts-fr","category-blogue","category-14","category-11","description-off"],"_links":{"self":[{"href":"https:\/\/montrealburlesquefestival.com\/fr\/wp-json\/wp\/v2\/posts\/10931","targetHints":{"allow":["GET"]}}],"collection":[{"href":"https:\/\/montrealburlesquefestival.com\/fr\/wp-json\/wp\/v2\/posts"}],"about":[{"href":"https:\/\/montrealburlesquefestival.com\/fr\/wp-json\/wp\/v2\/types\/post"}],"author":[{"embeddable":true,"href":"https:\/\/montrealburlesquefestival.com\/fr\/wp-json\/wp\/v2\/users\/1"}],"replies":[{"embeddable":true,"href":"https:\/\/montrealburlesquefestival.com\/fr\/wp-json\/wp\/v2\/comments?post=10931"}],"version-history":[{"count":0,"href":"https:\/\/montrealburlesquefestival.com\/fr\/wp-json\/wp\/v2\/posts\/10931\/revisions"}],"wp:featuredmedia":[{"embeddable":true,"href":"https:\/\/montrealburlesquefestival.com\/fr\/wp-json\/wp\/v2\/media\/10934"}],"wp:attachment":[{"href":"https:\/\/montrealburlesquefestival.com\/fr\/wp-json\/wp\/v2\/media?parent=10931"}],"wp:term":[{"taxonomy":"category","embeddable":true,"href":"https:\/\/montrealburlesquefestival.com\/fr\/wp-json\/wp\/v2\/categories?post=10931"},{"taxonomy":"post_tag","embeddable":true,"href":"https:\/\/montrealburlesquefestival.com\/fr\/wp-json\/wp\/v2\/tags?post=10931"}],"curies":[{"name":"wp","href":"https:\/\/api.w.org\/{rel}","templated":true}]}}